{"id":3750,"date":"2026-02-09T08:00:00","date_gmt":"2026-02-09T08:00:00","guid":{"rendered":"https:\/\/zsbarcelona.com\/?p=3750"},"modified":"2026-02-23T08:56:33","modified_gmt":"2026-02-23T08:56:33","slug":"tdah-a-la-infancia-una-nova-mirada-des-de-lexperiencia-en-una-escola-alemanya-a-barcelona","status":"publish","type":"post","link":"https:\/\/zsbarcelona.com\/ca\/tdah-en-la-infancia-una-nueva-mirada-desde-la-experiencia-en-una-escuela-alemana-en-barcelona\/","title":{"rendered":"DAH a la inf\u00e0ncia: una nova mirada des de l&#039;experi\u00e8ncia en una Escola alemanya a Barcelona"},"content":{"rendered":"<h3 class=\"wp-block-heading\"><strong>M\u00e1s all\u00e1 de la etiqueta: comprendiendo el d\u00e9ficit de atenci\u00f3n<\/strong><\/h3>\n\n\n\n<p>La obra \u00abEl D\u00e9ficit de Atenci\u00f3n con Hiperactividad\u00bb del Dr. Francesc M. Rovira Toda, psic\u00f3logo con m\u00e1s de 40 a\u00f1os de experiencia en el Gabinete Psicopedag\u00f3gico de Z\u00fcrich Schule Barcelona, nos invita a una reflexi\u00f3n profunda y humanista. Su libro, fruto de d\u00e9cadas de trabajo directo con alumnos, familias y docentes, cuestiona el modelo actual de diagn\u00f3stico y tratamiento del TDAH, proponiendo una visi\u00f3n m\u00e1s integral y personalizada.<\/p>\n\n\n\n<h3 class=\"wp-block-heading\"><strong>Colegio alem\u00e1n internacional: una perspectiva diferencial<\/strong><\/h3>\n\n\n\n<p>Uno de los pilares de la obra del Dr. Rovira Toda es la crucial distinci\u00f3n entre TDAH (Trastorno por D\u00e9ficit de Atenci\u00f3n con Hiperactividad) y DAH (D\u00e9ficit de Atenci\u00f3n con Hiperactividad, sin la \u00abT\u00bb de trastorno). El autor argumenta que no toda dificultad de atenci\u00f3n es un trastorno neurol\u00f3gico cr\u00f3nico. A menudo, factores evolutivos, emocionales o relacionales pueden estar en juego, requiriendo una evaluaci\u00f3n cuidadosa antes de recurrir a una etiqueta.<\/p>\n\n\n\n<ul class=\"wp-block-list\">\n<li>TDAH: Trastorno de base neurol\u00f3gica.<\/li>\n\n\n\n<li>DAH: Dificultades de atenci\u00f3n que pueden tener or\u00edgenes diversos (emocionales, evolutivos, etc.).<\/li>\n<\/ul>\n\n\n\n<h3 class=\"wp-block-heading\"><strong>Una cr\u00edtica constructiva al modelo actual<\/strong><\/h3>\n\n\n\n<p>Frente al sobrediagn\u00f3stico y la sobremedicaci\u00f3n, el Dr. Rovira Toda propone un enfoque multidisciplinar. Cuestiona la tendencia a ver la medicaci\u00f3n como primera y \u00fanica respuesta, abogando por una colaboraci\u00f3n estrecha entre la escuela, la familia y los profesionales de la salud. No se trata de negar la existencia del trastorno, sino de evitar simplificaciones y comprender al ni\u00f1o en su totalidad.<\/p>\n\n\n\n<h3 class=\"wp-block-heading\"><strong>La escuela peque\u00f1a como entorno de apoyo<\/strong><\/h3>\n\n\n\n<p>La experiencia del Dr. Rovira Toda en Z\u00fcrich Schule Barcelona ha demostrado el valor incalculable de un entorno educativo cercano y personalizado. En una escuela peque\u00f1a, donde cada alumno es conocido por su nombre, su historia y su contexto, la detecci\u00f3n y el acompa\u00f1amiento de las dificultades de aprendizaje adquieren una dimensi\u00f3n m\u00e1s humana y eficaz. Este modelo permite una coordinaci\u00f3n constante entre tutor\u00eda, orientaci\u00f3n y familia, algo fundamental en casos de d\u00e9ficit de atenci\u00f3n.<\/p>\n\n\n\n<h3 class=\"wp-block-heading\"><strong>Conclusi\u00f3<\/strong><\/h3>\n\n\n\n<p>La obra del Dr. Rovira Toda, ligada a su trayectoria en Z\u00fcrich Schule Barcelona, refuerza la idea de que la educaci\u00f3n y el bienestar infantil exigen tiempo, criterio y una mirada amplia. En un mundo que tiende a la masificaci\u00f3n, el modelo de escuela peque\u00f1a y el trato individualizado demuestran ser una necesidad, no un lujo, marcando una diferencia real en el desarrollo de cada alumno.<\/p>\n\n\n\n<figure class=\"wp-block-image size-large is-resized\"><img fetchpriority=\"high\" decoding=\"async\" width=\"1024\" height=\"768\" src=\"https:\/\/zsbarcelona.com\/wp-content\/uploads\/2026\/02\/fc-1-1024x768.jpeg\" alt=\"\" class=\"wp-image-3769\" style=\"width:307px;height:auto\" srcset=\"https:\/\/zsbarcelona.com\/wp-content\/uploads\/2026\/02\/fc-1-1024x768.jpeg 1024w, https:\/\/zsbarcelona.com\/wp-content\/uploads\/2026\/02\/fc-1-300x225.jpeg 300w, https:\/\/zsbarcelona.com\/wp-content\/uploads\/2026\/02\/fc-1-768x576.jpeg 768w, https:\/\/zsbarcelona.com\/wp-content\/uploads\/2026\/02\/fc-1-1536x1152.jpeg 1536w, https:\/\/zsbarcelona.com\/wp-content\/uploads\/2026\/02\/fc-1-16x12.jpeg 16w, https:\/\/zsbarcelona.com\/wp-content\/uploads\/2026\/02\/fc-1.jpeg 1600w\" sizes=\"(max-width: 1024px) 100vw, 1024px\" \/><\/figure>\n\n\n\n<h3 class=\"wp-block-heading\"><strong>En vols saber m\u00e9s?<\/strong><\/h3>\n\n\n\n<p><a href=\"https:\/\/www.claret.cat\/es\/libro\/el-deficit-de-atencion-con-hiperactividad-9788491365983\/?c=\" data-type=\"link\" data-id=\"https:\/\/www.claret.cat\/es\/libro\/el-deficit-de-atencion-con-hiperactividad-9788491365983\/?c=\" target=\"_blank\" rel=\"noopener\">Descubre su interesante publicaci\u00f3n<\/a><\/p>\n\n\n\n<p><a href=\"https:\/\/zsbarcelona.com\/ca\/contacte\/\" data-type=\"link\" data-id=\"https:\/\/zsbarcelona.com\/contacto\/\">Descubre c\u00f3mo nuestro modelo educativo personalizado puede ayudar a tu hijo.<\/a><\/p>\n\n\n\n<hr class=\"wp-block-separator has-alpha-channel-opacity\"\/>\n\n\n\n<h1 class=\"wp-block-heading\"><strong>A New Perspective on ADH in Childhood: Insights from a German School in Barcelona<\/strong><\/h1>\n\n\n\n<h3 class=\"wp-block-heading\"><strong>Beyond the Label: Understanding Attention Deficit<\/strong><\/h3>\n\n\n\n<p>The book \u00abAttention Deficit with Hyperactivity\u00bb by Dr. Francesc M. Rovira Toda, a psychologist with over 40 years of experience in the Psycho-pedagogical Department at Z\u00fcrich Schule Barcelona, invites us to a deep and humanistic reflection. His book, the result of decades of direct work with students, families, and teachers, challenges the current model of ADHD diagnosis and treatment, proposing a more comprehensive and personalized vision.<\/p>\n\n\n\n<h3 class=\"wp-block-heading\"><strong>International German school: a differential perspective<\/strong><\/h3>\n\n\n\n<p>One of the cornerstones of Dr. Rovira Toda&#8217;s work is the crucial distinction between ADHD (Attention Deficit Hyperactivity Disorder) and DAH (Attention Deficit with Hyperactivity, without the \u00abD\u00bb for disorder). The author argues that not every attention difficulty is a chronic neurological disorder. Often, developmental, emotional, or relational factors can be at play, requiring careful evaluation before resorting to a label.<\/p>\n\n\n\n<ul class=\"wp-block-list\">\n<li>ADHD: A disorder with a neurological basis.<\/li>\n\n\n\n<li>DAH: Attention difficulties that may have diverse origins (emotional, developmental, etc.).<\/li>\n<\/ul>\n\n\n\n<h3 class=\"wp-block-heading\"><strong>A constructive critique of the current model<\/strong><\/h3>\n\n\n\n<p>In the face of over-diagnosis and over-medication, Dr. Rovira Toda proposes a multidisciplinary approach. He questions the tendency to see medication as the first and only response, advocating for close collaboration between the school, the family, and health professionals. It is not about denying the existence of the disorder, but about avoiding simplifications and understanding the child as a whole.<\/p>\n\n\n\n<h3 class=\"wp-block-heading\"><strong>The small school as a supportive environment<\/strong><\/h3>\n\n\n\n<p>Dr. Rovira Toda&#8217;s experience at Z\u00fcrich Schule Barcelona has demonstrated the invaluable worth of a close-knit and personalized educational environment. In a small school, where each student is known by their name, history, and context, the detection and support of learning difficulties take on a more humane and effective dimension. This model allows for constant coordination between tutoring, guidance, and family, which is fundamental in cases of attention deficit.<\/p>\n\n\n\n<h3 class=\"wp-block-heading\"><strong>Conclusi\u00f3<\/strong><\/h3>\n\n\n\n<p>Dr. Rovira Toda&#8217;s work, linked to his career at Z\u00fcrich Schule Barcelona, reinforces the idea that children&#8217;s education and well-being require time, judgment, and a broad perspective. In a world that tends towards massification, the small school model and individualized treatment prove to be a necessity, not a luxury, making a real difference in each student&#8217;s development.<\/p>\n\n\n\n<figure class=\"wp-block-image size-large is-resized\"><img decoding=\"async\" width=\"654\" height=\"1024\" src=\"https:\/\/zsbarcelona.com\/wp-content\/uploads\/2026\/02\/Captura-de-pantalla-2026-02-08-a-las-16.13.05-654x1024.png\" alt=\"\" class=\"wp-image-3753\" style=\"aspect-ratio:0.638347805679418;width:178px;height:auto\" srcset=\"https:\/\/zsbarcelona.com\/wp-content\/uploads\/2026\/02\/Captura-de-pantalla-2026-02-08-a-las-16.13.05-654x1024.png 654w, https:\/\/zsbarcelona.com\/wp-content\/uploads\/2026\/02\/Captura-de-pantalla-2026-02-08-a-las-16.13.05-192x300.png 192w, https:\/\/zsbarcelona.com\/wp-content\/uploads\/2026\/02\/Captura-de-pantalla-2026-02-08-a-las-16.13.05-8x12.png 8w, https:\/\/zsbarcelona.com\/wp-content\/uploads\/2026\/02\/Captura-de-pantalla-2026-02-08-a-las-16.13.05.png 766w\" sizes=\"(max-width: 654px) 100vw, 654px\" \/><\/figure>\n\n\n\n<h3 class=\"wp-block-heading\"><strong>Want to know more?<\/strong><\/h3>\n\n\n\n<p><a href=\"https:\/\/www.claret.cat\/es\/libro\/el-deficit-de-atencion-con-hiperactividad-9788491365983\/?c=\" data-type=\"link\" data-id=\"https:\/\/www.claret.cat\/es\/libro\/el-deficit-de-atencion-con-hiperactividad-9788491365983\/?c=\" target=\"_blank\" rel=\"noopener\">Discover his interesting publication<\/a> (in spanish)<\/p>\n\n\n\n<p><a href=\"https:\/\/zsbarcelona.com\/en\/contact\/\" data-type=\"link\" data-id=\"https:\/\/zsbarcelona.com\/en\/contact\/\">Discover how our personalized educational model can help your child.<\/a><\/p>\n\n\n\n<p><\/p>","protected":false},"excerpt":{"rendered":"<p>M\u00e1s all\u00e1 de la etiqueta: comprendiendo el d\u00e9ficit de atenci\u00f3n La obra \u00abEl D\u00e9ficit de Atenci\u00f3n con Hiperactividad\u00bb del Dr. Francesc M. Rovira Toda, psic\u00f3logo con m\u00e1s de 40 a\u00f1os de experiencia en el Gabinete Psicopedag\u00f3gico de Z\u00fcrich Schule Barcelona, nos invita a una reflexi\u00f3n profunda y humanista. Su libro, fruto de d\u00e9cadas de trabajo [&hellip;]<\/p>\n","protected":false},"author":3,"featured_media":3767,"comment_status":"open","ping_status":"open","sticky":false,"template":"","format":"standard","meta":{"footnotes":""},"categories":[1],"tags":[156,155,153,39,157,40,145,147,149,150,148,151,143,118,152,146,154,144],"class_list":["post-3750","post","type-post","status-publish","format-standard","has-post-thumbnail","hentry","category-blog","tag-adhd-in-children","tag-attention-deficit","tag-child-development","tag-colegio-aleman-barcelona","tag-conscious-parenting","tag-consejos-para-familias","tag-crianza-consciente","tag-deficit-de-atencion","tag-desarrollo-infantil","tag-dr-francesc-m-rovira-toda","tag-educacion-personalizada","tag-educational-psychology","tag-escuela-pequena","tag-international-school-barcelona","tag-personalized-education","tag-psicologia-educativa","tag-small-school","tag-tdah-infantil"],"_links":{"self":[{"href":"https:\/\/zsbarcelona.com\/ca\/wp-json\/wp\/v2\/posts\/3750","targetHints":{"allow":["GET"]}}],"collection":[{"href":"https:\/\/zsbarcelona.com\/ca\/wp-json\/wp\/v2\/posts"}],"about":[{"href":"https:\/\/zsbarcelona.com\/ca\/wp-json\/wp\/v2\/types\/post"}],"author":[{"embeddable":true,"href":"https:\/\/zsbarcelona.com\/ca\/wp-json\/wp\/v2\/users\/3"}],"replies":[{"embeddable":true,"href":"https:\/\/zsbarcelona.com\/ca\/wp-json\/wp\/v2\/comments?post=3750"}],"version-history":[{"count":4,"href":"https:\/\/zsbarcelona.com\/ca\/wp-json\/wp\/v2\/posts\/3750\/revisions"}],"predecessor-version":[{"id":3802,"href":"https:\/\/zsbarcelona.com\/ca\/wp-json\/wp\/v2\/posts\/3750\/revisions\/3802"}],"wp:featuredmedia":[{"embeddable":true,"href":"https:\/\/zsbarcelona.com\/ca\/wp-json\/wp\/v2\/media\/3767"}],"wp:attachment":[{"href":"https:\/\/zsbarcelona.com\/ca\/wp-json\/wp\/v2\/media?parent=3750"}],"wp:term":[{"taxonomy":"category","embeddable":true,"href":"https:\/\/zsbarcelona.com\/ca\/wp-json\/wp\/v2\/categories?post=3750"},{"taxonomy":"post_tag","embeddable":true,"href":"https:\/\/zsbarcelona.com\/ca\/wp-json\/wp\/v2\/tags?post=3750"}],"curies":[{"name":"wp","href":"https:\/\/api.w.org\/{rel}","templated":true}]}}