{"id":3698,"date":"2025-12-29T08:00:00","date_gmt":"2025-12-29T08:00:00","guid":{"rendered":"https:\/\/zsbarcelona.com\/?p=3698"},"modified":"2026-02-23T08:47:56","modified_gmt":"2026-02-23T08:47:56","slug":"entwicklung-globaler-kopfe-das-ib-schulerprofil-an-unserer-deutschen-schule-in-barcelona","status":"publish","type":"post","link":"https:\/\/zsbarcelona.com\/de\/desarrollando-mentes-globales-el-perfil-del-alumno-ib-en-nuestra-escuela-alemana-en-barcelona\/","title":{"rendered":"Global Minds entwickeln: Das IB-Lernerprofil an unserer Deutschen Schule in Barcelona"},"content":{"rendered":"<p>Wie bereiten wir unsere Kinder auf eine vernetzte und sich st\u00e4ndig ver\u00e4ndernde Zukunft vor? In einer grenzenlosen Welt ist die F\u00e4higkeit, kritisch zu denken, empathisch zu handeln und unterschiedliche Kulturen zu verstehen, wichtiger denn je.<br>Die Antwort liegt in der Kultivierung einer globalen Denkweise von den ersten Jahren an, einem Grundpfeiler des International Baccalaureate (IB) und unserer IB-Philosophie. <strong>Z\u00fcrich Schule Barcelona<\/strong>.<\/p>\n\n\n\n<p>Die <strong>IB-Lernerprofil<\/strong> ist viel mehr als eine Liste von Zielen: Es ist der Fahrplan, der unseren p\u00e4dagogischen Ansatz zur Entwicklung vielseitiger, neugieriger und mitf\u00fchlender junger Menschen leitet, die bereit sind, sich \u00fcberall auf der Welt zu behaupten.<\/p>\n\n\n\n<hr class=\"wp-block-separator has-alpha-channel-opacity\"\/>\n\n\n\n<h4 class=\"wp-block-heading\"><strong>Der Wert einer internationalen deutschen Schule mit einer globalen Denkweise<\/strong><\/h4>\n\n\n\n<p>Die Auswahl einer <strong>Deutsche Internationale Schule<\/strong> als Z\u00fcrich Schule Barcelona bedeutet, Ihren Kindern einen einzigartigen Vorteil zu bieten: die Kombination aus der Pr\u00e4zision und Struktur des deutschen Bildungssystems mit der offenen und globalen Denkweise des International Baccalaureate.<\/p>\n\n\n\n<p>Wir f\u00f6rdern ein Umfeld, in dem Mehrsprachigkeit (Deutsch, Spanisch und Englisch) die Norm ist, nicht die Ausnahme, und bereiten die Sch\u00fcler darauf vor, echte Weltb\u00fcrger zu sein.<\/p>\n\n\n\n<p>Dieser duale Ansatz bereichert das IB Learner Profile, da unsere Sch\u00fcler nicht nur etwas \u00fcber die Welt lernen, sondern sie auch jeden Tag in einem multikulturellen und zweisprachigen Umfeld erleben.<\/p>\n\n\n\n<hr class=\"wp-block-separator has-alpha-channel-opacity\"\/>\n\n\n\n<h4 class=\"wp-block-heading\"><strong>Die Attribute des IB Learner Profile in Aktion<\/strong><\/h4>\n\n\n\n<p>Das IB Learner Profile definiert zehn Eigenschaften, die wir bei jedem unserer Sch\u00fcler entwickeln, von den J\u00fcngsten im IB \u00fcber die J\u00fcngsten im IB bis hin zu den J\u00fcngsten im IB und den J\u00fcngsten im IB. <strong>Grundschulprogramm (PYP)<\/strong> f\u00fcr Jugendliche in der <strong>Mittelstufenprogramm (MYP)<\/strong>:<\/p>\n\n\n\n<ol class=\"wp-block-list\">\n<li><strong>Anfrager<\/strong>Wir f\u00f6rdern ihre nat\u00fcrliche Neugierde; sie haben Spa\u00df daran, selbstst\u00e4ndig zu entdecken und zu forschen.<br><\/li>\n\n\n\n<li><strong>Informiert und aufgekl\u00e4rt<\/strong>Konzepte und Ideen von lokaler und globaler Bedeutung zu erforschen. In unseren Klassenzimmern kann ein Projekt zum Thema Wasser eine Verbindung zwischen der \u00d6kologie des Flusses Llobregat und der Ressourcenknappheit in anderen Teilen der Welt herstellen.<br><\/li>\n\n\n\n<li><strong>Denker<\/strong>die F\u00e4higkeit zu kritischem und kreativem Denken entwickeln, um komplexe Probleme zu analysieren und ethische Entscheidungen zu treffen.<br><\/li>\n\n\n\n<li><strong>Gute Kommunikatoren<\/strong>Sie dr\u00fccken sich selbstbewusst und kreativ in mehreren Sprachen und auf vielf\u00e4ltige Weise aus, ob sie nun einen Roboter programmieren, in der Klasse debattieren oder ein Kunstwerk schaffen.<br><\/li>\n\n\n\n<li><strong>Integros<\/strong>Sie handeln mit Ehrlichkeit und einem ausgepr\u00e4gten Sinn f\u00fcr Fairness und Gerechtigkeit.<br><\/li>\n\n\n\n<li><strong>Aufgeschlossen<\/strong>Sie sch\u00e4tzen ihre eigene Kultur und ihre pers\u00f6nliche Geschichte und wissen gleichzeitig die Perspektiven und Traditionen anderer Menschen und Gemeinschaften zu sch\u00e4tzen.<br><\/li>\n\n\n\n<li><strong>Solidarit\u00e4t<\/strong>Einf\u00fchlungsverm\u00f6gen und Respekt zu zeigen und sich zu verpflichten, anderen zu helfen und ihr Umfeld positiv zu beeinflussen.<br><\/li>\n\n\n\n<li><strong>K\u00fchn<\/strong>Sie gehen entschlossen an die Ungewissheit heran und arbeiten unabh\u00e4ngig und kooperativ, um neue Ideen zu erkunden.<br><\/li>\n\n\n\n<li><strong>Ausgewogene<\/strong>die Bedeutung des k\u00f6rperlichen, geistigen und emotionalen Gleichgewichts f\u00fcr das eigene Wohlbefinden und das der anderen verstehen.<br><\/li>\n\n\n\n<li><strong>Reflektierend<\/strong>Sie bewerten die Welt und ihre eigenen Erfahrungen und erkennen ihre St\u00e4rken und Schw\u00e4chen, um bewusst zu wachsen.<br><\/li>\n<\/ol>\n\n\n\n<hr class=\"wp-block-separator has-alpha-channel-opacity\"\/>\n\n\n\n<h4 class=\"wp-block-heading\"><strong>Wie wir das IB Learner Profile in der t\u00e4glichen Arbeit f\u00f6rdern<\/strong><\/h4>\n\n\n\n<p>An der Z\u00fcrich Schule Barcelona ist das IB Learner Profile kein Poster an der Wand: Es ist die treibende Kraft hinter unserer t\u00e4glichen Arbeit.<\/p>\n\n\n\n<p><strong>Im PYP (Vorschul- und Grundschulalter)<\/strong>Das Lernen basiert auf Nachfragen. Ein f\u00fcnfj\u00e4hriges M\u00e4dchen fragt sich vielleicht, warum die Bl\u00e4tter ihre Farbe \u00e4ndern, und anstatt eine Antwort zu geben, leitet der Lehrer die Klasse an, zu untersuchen, zu beobachten und Hypothesen aufzustellen. Auf diese Weise werden sie von Anfang an zu Forschern, Denkern und Kommunikatoren.<\/p>\n\n\n\n<figure class=\"wp-block-image size-full is-resized\"><img fetchpriority=\"high\" decoding=\"async\" width=\"1024\" height=\"1024\" src=\"https:\/\/zsbarcelona.com\/wp-content\/uploads\/2025\/12\/2.png\" alt=\"\" class=\"wp-image-3700\" style=\"width:157px;height:auto\" srcset=\"https:\/\/zsbarcelona.com\/wp-content\/uploads\/2025\/12\/2.png 1024w, https:\/\/zsbarcelona.com\/wp-content\/uploads\/2025\/12\/2-300x300.png 300w, https:\/\/zsbarcelona.com\/wp-content\/uploads\/2025\/12\/2-150x150.png 150w, https:\/\/zsbarcelona.com\/wp-content\/uploads\/2025\/12\/2-768x768.png 768w, https:\/\/zsbarcelona.com\/wp-content\/uploads\/2025\/12\/2-12x12.png 12w\" sizes=\"(max-width: 1024px) 100vw, 1024px\" \/><\/figure>\n\n\n\n<p><strong>Im MYP (Sekundarstufe)<\/strong>Ein interdisziplin\u00e4res Projekt kann die Sch\u00fcler dazu bringen, die Auswirkungen der Migration in Barcelona aus historischer, geografischer und sozialer Sicht zu analysieren. Dies setzt voraus, dass sie informiert, aufgeschlossen und reflektiert sind und ihr Lernen mit der realen Welt verbinden.<\/p>\n\n\n\n<hr class=\"wp-block-separator has-alpha-channel-opacity\"\/>\n\n\n\n<h4 class=\"wp-block-heading\"><strong>Schlussfolgerung<\/strong><\/h4>\n\n\n\n<p>Die <strong>IB-Lernerprofil<\/strong> ist unser Kompass, um nicht nur hervorragende Sch\u00fcler, sondern auch au\u00dfergew\u00f6hnliche Menschen auszubilden.<\/p>\n\n\n\n<p>In unserem <strong>Deutsche Schule in Barcelona<\/strong>Wir sind \u00fcberzeugt, dass die Entwicklung dieser Qualit\u00e4ten die beste Vorbereitung auf eine Zukunft voller M\u00f6glichkeiten ist.<\/p>\n\n\n\n<p><strong>M\u00f6chten Sie sehen, wie unsere Sch\u00fcler jeden Tag eine globale Denkweise entwickeln? <a href=\"https:\/\/zsbarcelona.com\/de\/kontakt\/\" data-type=\"link\" data-id=\"https:\/\/zsbarcelona.com\/contacto\/\">Setzen Sie sich mit uns in Verbindung, um einen pers\u00f6nlichen Besuch zu vereinbaren und entdecken Sie die St\u00e4rke des IB an der Z\u00fcrich Schule Barcelona.<\/a>.<\/strong><\/p>\n\n\n\n<p>========================================================<\/p>\n\n\n\n<h2 class=\"wp-block-heading\"><strong>Global Minds entwickeln: Das IB-Lernerprofil an unserer Deutschen Schule in Barcelona<\/strong><\/h2>\n\n\n\n<p>Wie bereiten wir unsere Kinder auf eine vernetzte und sich st\u00e4ndig ver\u00e4ndernde Zukunft vor? In einer Welt ohne Grenzen ist die F\u00e4higkeit, kritisch zu denken, mit Empathie zu handeln und unterschiedliche Kulturen zu verstehen, wichtiger denn je.<br>Die Antwort liegt in der Kultivierung eines <strong>globale Denkweise<\/strong> von einem fr\u00fchen Alter an - ein Eckpfeiler der <strong>Internationales Baccalaureat (IB)<\/strong> und unsere Philosophie unter <strong>Z\u00fcrich Schule Barcelona<\/strong>.<\/p>\n\n\n\n<p>Die <strong>IB-Lernerprofil<\/strong> ist viel mehr als eine Liste von Zielen; es ist der Fahrplan, der unseren Bildungsansatz leitet, um gut ausgebildete, neugierige und mitf\u00fchlende junge Menschen zu formen, die bereit sind, sich \u00fcberall auf der Welt zu behaupten.<\/p>\n\n\n\n<hr class=\"wp-block-separator has-alpha-channel-opacity\"\/>\n\n\n\n<h4 class=\"wp-block-heading\"><strong>Der Wert einer internationalen deutschen Schule mit einer globalen Denkweise<\/strong><\/h4>\n\n\n\n<p>Die Auswahl eines <strong>internationale deutsche Schule<\/strong> wie die Z\u00fcrich Schule Barcelona bietet Ihren Kindern einen einzigartigen Vorteil: die Kombination aus der Pr\u00e4zision und Struktur des deutschen Bildungssystems mit der offenen, globalen Perspektive des International Baccalaureate.<\/p>\n\n\n\n<p>Wir f\u00f6rdern ein Umfeld, in dem Mehrsprachigkeit - Deutsch, Spanisch und Englisch - die Norm und nicht die Ausnahme ist, und bereiten die Sch\u00fcler darauf vor, echte Weltb\u00fcrger zu werden.<\/p>\n\n\n\n<p>Dieser duale Ansatz bereichert das IB Learner Profile, da unsere Sch\u00fcler nicht nur etwas \u00fcber die Welt lernen, sondern sie auch jeden Tag in einem multikulturellen und zweisprachigen Umfeld erleben.<\/p>\n\n\n\n<hr class=\"wp-block-separator has-alpha-channel-opacity\"\/>\n\n\n\n<h4 class=\"wp-block-heading\"><strong>Die 10 Merkmale des IB Learner Profile in Aktion<\/strong><\/h4>\n\n\n\n<p>Das IB Learner Profile umrei\u00dft zehn Eigenschaften, die wir bei jedem unserer Sch\u00fcler sch\u00e4tzen und entwickeln, von den J\u00fcngsten in der <strong>Grundschulprogramm (PYP)<\/strong> f\u00fcr die Jugendlichen im <strong>Mittelstufenprogramm (MYP)<\/strong>:<\/p>\n\n\n\n<ol class=\"wp-block-list\">\n<li><strong>Anfrager<\/strong>Wir f\u00f6rdern ihre nat\u00fcrliche Neugierde. Unsere Sch\u00fcler lernen, den Prozess des Entdeckens zu genie\u00dfen und selbstst\u00e4ndig zu forschen.<br><\/li>\n\n\n\n<li><strong>Kenntnisreich<\/strong>Sie erforschen Konzepte und Ideen von lokaler und globaler Bedeutung. In unseren Klassenzimmern k\u00f6nnte ein Projekt zum Thema Wasser die \u00d6kologie des Flusses Llobregat mit der Ressourcenknappheit in anderen Teilen der Welt in Verbindung bringen.<br><\/li>\n\n\n\n<li><strong>Denker<\/strong>Sie entwickeln kritische und kreative Denkf\u00e4higkeiten, um komplexe Probleme zu analysieren und ethische Entscheidungen zu treffen.<br><\/li>\n\n\n\n<li><strong>Kommunikatoren<\/strong>Sie dr\u00fccken sich selbstbewusst und kreativ in mehreren Sprachen und auf vielf\u00e4ltige Weise aus - sei es beim Programmieren eines Roboters, bei Debatten in der Klasse oder bei der Schaffung eines Kunstwerks.<br><\/li>\n\n\n\n<li><strong>Grunds\u00e4tzliches<\/strong>Sie handeln mit Integrit\u00e4t und einem ausgepr\u00e4gten Sinn f\u00fcr Fairness und Gerechtigkeit. Integrit\u00e4t ist die Grundlage f\u00fcr unsere Bildungsgemeinschaft.<br><\/li>\n\n\n\n<li><strong>Aufgeschlossen<\/strong>Sie sch\u00e4tzen ihre eigene Kultur und pers\u00f6nliche Geschichte und sind gleichzeitig offen f\u00fcr die Perspektiven, Werte und Traditionen anderer.<br><\/li>\n\n\n\n<li><strong>F\u00fcrsorge<\/strong>Sie zeigen Einf\u00fchlungsverm\u00f6gen, Mitgef\u00fchl und Respekt und engagieren sich daf\u00fcr, anderen zu helfen und einen positiven Einfluss auf die Welt auszu\u00fcben.<br><\/li>\n\n\n\n<li><strong>Risikofreudige<\/strong>Sie gehen Ungewissheit vorausschauend und entschlossen an und arbeiten unabh\u00e4ngig und kooperativ, um neue Ideen zu entwickeln.<br><\/li>\n\n\n\n<li><strong>Ausgewogene<\/strong>Sie wissen, wie wichtig das k\u00f6rperliche, geistige und emotionale Gleichgewicht ist, um f\u00fcr sich und andere Wohlbefinden zu erreichen.<br><\/li>\n\n\n\n<li><strong>Reflektierend<\/strong>Sie denken \u00fcber die Welt und ihre eigenen Erfahrungen nach und erkennen ihre St\u00e4rken und Wachstumsbereiche, um lebenslanges Lernen zu f\u00f6rdern.<br><\/li>\n<\/ol>\n\n\n\n<hr class=\"wp-block-separator has-alpha-channel-opacity\"\/>\n\n\n\n<h4 class=\"wp-block-heading\"><strong>Wie wir das IB Learner Profile tagt\u00e4glich f\u00f6rdern<\/strong><\/h4>\n\n\n\n<p>Unter <strong>Z\u00fcrich Schule Barcelona<\/strong>Das IB Learner Profile ist nicht nur ein Poster an der Wand - es ist die treibende Kraft hinter unserem t\u00e4glichen Leben und Lernen.<\/p>\n\n\n\n<p><strong>Im PYP (Vorschule und Grundschule)<\/strong>Das forschende Lernen regt Kinder dazu an, die Welt um sie herum zu erforschen. Ein F\u00fcnfj\u00e4hriger fragt vielleicht, warum die Bl\u00e4tter ihre Farbe \u00e4ndern. Anstatt einfach eine Antwort zu geben, leitet der Lehrer die Klasse an, zu recherchieren, zu beobachten, Hypothesen aufzustellen und ihre Ergebnisse zu teilen. Auf diese Weise werden sie von Anfang an zu Forschern, Denkern und Kommunikatoren.<\/p>\n\n\n\n<figure class=\"wp-block-image size-full is-resized\"><img decoding=\"async\" width=\"1024\" height=\"1024\" src=\"https:\/\/zsbarcelona.com\/wp-content\/uploads\/2025\/12\/2-1.png\" alt=\"\" class=\"wp-image-3701\" style=\"width:170px;height:auto\" srcset=\"https:\/\/zsbarcelona.com\/wp-content\/uploads\/2025\/12\/2-1.png 1024w, https:\/\/zsbarcelona.com\/wp-content\/uploads\/2025\/12\/2-1-300x300.png 300w, https:\/\/zsbarcelona.com\/wp-content\/uploads\/2025\/12\/2-1-150x150.png 150w, https:\/\/zsbarcelona.com\/wp-content\/uploads\/2025\/12\/2-1-768x768.png 768w, https:\/\/zsbarcelona.com\/wp-content\/uploads\/2025\/12\/2-1-12x12.png 12w\" sizes=\"(max-width: 1024px) 100vw, 1024px\" \/><\/figure>\n\n\n\n<p><strong>Im MYP (Sekundarstufe)<\/strong>Interdisziplin\u00e4re Projekte fordern die Sch\u00fcler heraus, reale Probleme - wie die Migration in Barcelona - aus historischen, geografischen und sozialen Perspektiven zu analysieren. Dies hilft ihnen, sich zu sachkundigen, aufgeschlossenen und reflektierenden Lernenden zu entwickeln und Theorie mit authentischen Erfahrungen zu verbinden.<\/p>\n\n\n\n<hr class=\"wp-block-separator has-alpha-channel-opacity\"\/>\n\n\n\n<h4 class=\"wp-block-heading\"><strong>Schlussfolgerung<\/strong><\/h4>\n\n\n\n<p>Die <strong>IB-Lernerprofil<\/strong> ist unser Kompass, um nicht nur hervorragende Studenten, sondern auch au\u00dfergew\u00f6hnliche Menschen zu formen.<\/p>\n\n\n\n<p>In unserem <strong>Deutsche Schule in Barcelona<\/strong>Wir sind \u00fcberzeugt, dass die Entwicklung dieser Qualit\u00e4ten die beste Vorbereitung auf eine Zukunft voller M\u00f6glichkeiten ist.<\/p>\n\n\n\n<p><strong>M\u00f6chten Sie sehen, wie unsere Sch\u00fcler jeden Tag eine globale Denkweise entwickeln? <a href=\"https:\/\/zsbarcelona.com\/en\/contact\/\" data-type=\"link\" data-id=\"https:\/\/zsbarcelona.com\/en\/contact\/\">Kontaktieren Sie uns, um einen pers\u00f6nlichen Besuch zu vereinbaren und entdecken Sie die Kraft des IB an der Z\u00fcrich Schule Barcelona<\/a>.<\/strong><\/p>\n\n\n\n<p><\/p>","protected":false},"excerpt":{"rendered":"<p>\u00bfC\u00f3mo preparamos a nuestros hijos para un futuro interconectado y en constante cambio? En un mundo sin fronteras, la capacidad de pensar de forma cr\u00edtica, actuar con empat\u00eda y comprender diversas culturas es m\u00e1s importante que nunca.La respuesta est\u00e1 en cultivar una mentalidad global desde los primeros a\u00f1os, un pilar fundamental del Bachillerato Internacional (IB) [&hellip;]<\/p>\n","protected":false},"author":3,"featured_media":3699,"comment_status":"open","ping_status":"open","sticky":false,"template":"","format":"standard","meta":{"footnotes":""},"categories":[1],"tags":[39,40,42,43,44,45,46,47],"class_list":["post-3698","post","type-post","status-publish","format-standard","has-post-thumbnail","hentry","category-blog","tag-colegio-aleman-barcelona","tag-consejos-para-familias","tag-educational-innovation","tag-ib-educational-model","tag-innovacion-educativa","tag-modelo-educativo-ib","tag-secondary-myp","tag-secundaria-myp"],"_links":{"self":[{"href":"https:\/\/zsbarcelona.com\/de\/wp-json\/wp\/v2\/posts\/3698","targetHints":{"allow":["GET"]}}],"collection":[{"href":"https:\/\/zsbarcelona.com\/de\/wp-json\/wp\/v2\/posts"}],"about":[{"href":"https:\/\/zsbarcelona.com\/de\/wp-json\/wp\/v2\/types\/post"}],"author":[{"embeddable":true,"href":"https:\/\/zsbarcelona.com\/de\/wp-json\/wp\/v2\/users\/3"}],"replies":[{"embeddable":true,"href":"https:\/\/zsbarcelona.com\/de\/wp-json\/wp\/v2\/comments?post=3698"}],"version-history":[{"count":3,"href":"https:\/\/zsbarcelona.com\/de\/wp-json\/wp\/v2\/posts\/3698\/revisions"}],"predecessor-version":[{"id":3795,"href":"https:\/\/zsbarcelona.com\/de\/wp-json\/wp\/v2\/posts\/3698\/revisions\/3795"}],"wp:featuredmedia":[{"embeddable":true,"href":"https:\/\/zsbarcelona.com\/de\/wp-json\/wp\/v2\/media\/3699"}],"wp:attachment":[{"href":"https:\/\/zsbarcelona.com\/de\/wp-json\/wp\/v2\/media?parent=3698"}],"wp:term":[{"taxonomy":"category","embeddable":true,"href":"https:\/\/zsbarcelona.com\/de\/wp-json\/wp\/v2\/categories?post=3698"},{"taxonomy":"post_tag","embeddable":true,"href":"https:\/\/zsbarcelona.com\/de\/wp-json\/wp\/v2\/tags?post=3698"}],"curies":[{"name":"wp","href":"https:\/\/api.w.org\/{rel}","templated":true}]}}