{"id":3750,"date":"2026-02-09T08:00:00","date_gmt":"2026-02-09T08:00:00","guid":{"rendered":"https:\/\/zsbarcelona.com\/?p=3750"},"modified":"2026-02-23T08:56:33","modified_gmt":"2026-02-23T08:56:33","slug":"adhs-im-kindesalter-eine-neue-sichtweise-aufgrund-der-erfahrungen-an-einer-deutschen-schule-in-barcelona","status":"publish","type":"post","link":"https:\/\/zsbarcelona.com\/de\/tdah-en-la-infancia-una-nueva-mirada-desde-la-experiencia-en-una-escuela-alemana-en-barcelona\/","title":{"rendered":"DAH in der Kindheit: ein neuer Blick aus der Erfahrung an einer deutschen Schule in Barcelona"},"content":{"rendered":"<h3 class=\"wp-block-heading\"><strong>Jenseits des Etiketts: Aufmerksamkeitsdefizitst\u00f6rung verstehen<\/strong><\/h3>\n\n\n\n<p>Das Buch \"El D\u00e9ficit de Atenci\u00f3n con Hiperactividad\" von Dr. Francesc M. Rovira Toda, Psychologe mit mehr als 40 Jahren Erfahrung im Psychop\u00e4dagogischen B\u00fcro der Z\u00fcrcher Schule Barcelona, l\u00e4dt uns zu einer tiefen und humanistischen Reflexion ein. Sein Buch, das das Ergebnis jahrzehntelanger direkter Arbeit mit Sch\u00fclern, Familien und Lehrern ist, stellt das derzeitige Modell der Diagnose und Behandlung von ADHS in Frage und schl\u00e4gt eine umfassendere und individuellere Sichtweise vor.<\/p>\n\n\n\n<h3 class=\"wp-block-heading\"><strong>Internationale Deutsche Schule: eine differenzierte Perspektive<\/strong><\/h3>\n\n\n\n<p>Eine der S\u00e4ulen der Arbeit von Dr. Rovira Toda ist die entscheidende Unterscheidung zwischen ADHS (Aufmerksamkeitsdefizit-Hyperaktivit\u00e4tsst\u00f6rung) und ADHS (Aufmerksamkeitsdefizit-Hyperaktivit\u00e4tsst\u00f6rung, ohne das \"T\" f\u00fcr St\u00f6rung). Der Autor argumentiert, dass nicht jede Aufmerksamkeitsst\u00f6rung eine chronische neurologische St\u00f6rung ist. Oftmals sind entwicklungsbedingte, emotionale oder beziehungsbezogene Faktoren im Spiel, die eine sorgf\u00e4ltige Bewertung erfordern, bevor man zu einem Etikett greift.<\/p>\n\n\n\n<ul class=\"wp-block-list\">\n<li>ADHS: Neurologisch begr\u00fcndete St\u00f6rung.<\/li>\n\n\n\n<li>ADHS: Aufmerksamkeitsschwierigkeiten, die unterschiedliche Ursachen haben k\u00f6nnen (emotional, entwicklungsbedingt usw.).<\/li>\n<\/ul>\n\n\n\n<h3 class=\"wp-block-heading\"><strong>Konstruktive Kritik an dem derzeitigen Modell<\/strong><\/h3>\n\n\n\n<p>Angesichts von \u00dcberdiagnose und \u00dcbermedikation schl\u00e4gt Dr. Rovira Toda einen multidisziplin\u00e4ren Ansatz vor. Er stellt die Tendenz in Frage, Medikamente als erste und einzige Antwort zu sehen, und pl\u00e4diert f\u00fcr eine enge Zusammenarbeit zwischen Schule, Familie und Gesundheitsexperten. Es geht nicht darum, die Existenz der St\u00f6rung zu leugnen, sondern darum, Vereinfachungen zu vermeiden und das Kind in seiner Gesamtheit zu verstehen.<\/p>\n\n\n\n<h3 class=\"wp-block-heading\"><strong>Die kleine Schule als unterst\u00fctzendes Umfeld<\/strong><\/h3>\n\n\n\n<p>Die Erfahrung von Dr. Rovira Toda an der Z\u00fcrich Schule Barcelona hat den unsch\u00e4tzbaren Wert eines engen und pers\u00f6nlichen p\u00e4dagogischen Umfelds gezeigt. In einer kleinen Schule, in der jeder Sch\u00fcler mit seinem Namen, seiner Geschichte und seinem Umfeld bekannt ist, erh\u00e4lt das Erkennen und Begleiten von Lernschwierigkeiten eine menschlichere und wirksamere Dimension. Dieses Modell erm\u00f6glicht eine st\u00e4ndige Koordinierung zwischen Unterricht, Betreuung und Familie, was bei Aufmerksamkeitsdefiziten unerl\u00e4sslich ist.<\/p>\n\n\n\n<h3 class=\"wp-block-heading\"><strong>Schlussfolgerung<\/strong><\/h3>\n\n\n\n<p>Die Arbeit von Dr. Rovira Toda, die mit seiner Laufbahn an der Z\u00fcrich Schule Barcelona zusammenh\u00e4ngt, unterstreicht die Idee, dass Bildung und das Wohlbefinden von Kindern Zeit, Kriterien und eine breite Perspektive erfordern. In einer Welt, die zur \u00dcberf\u00fcllung neigt, erweisen sich das kleine Schulmodell und die individuelle Behandlung als Notwendigkeit und nicht als Luxus, der einen echten Unterschied in der Entwicklung jedes einzelnen Sch\u00fclers ausmacht.<\/p>\n\n\n\n<figure class=\"wp-block-image size-large is-resized\"><img fetchpriority=\"high\" decoding=\"async\" width=\"1024\" height=\"768\" src=\"https:\/\/zsbarcelona.com\/wp-content\/uploads\/2026\/02\/fc-1-1024x768.jpeg\" alt=\"\" class=\"wp-image-3769\" style=\"width:307px;height:auto\" srcset=\"https:\/\/zsbarcelona.com\/wp-content\/uploads\/2026\/02\/fc-1-1024x768.jpeg 1024w, https:\/\/zsbarcelona.com\/wp-content\/uploads\/2026\/02\/fc-1-300x225.jpeg 300w, https:\/\/zsbarcelona.com\/wp-content\/uploads\/2026\/02\/fc-1-768x576.jpeg 768w, https:\/\/zsbarcelona.com\/wp-content\/uploads\/2026\/02\/fc-1-1536x1152.jpeg 1536w, https:\/\/zsbarcelona.com\/wp-content\/uploads\/2026\/02\/fc-1-16x12.jpeg 16w, https:\/\/zsbarcelona.com\/wp-content\/uploads\/2026\/02\/fc-1.jpeg 1600w\" sizes=\"(max-width: 1024px) 100vw, 1024px\" \/><\/figure>\n\n\n\n<h3 class=\"wp-block-heading\"><strong>M\u00f6chten Sie mehr wissen?<\/strong><\/h3>\n\n\n\n<p><a href=\"https:\/\/www.claret.cat\/es\/libro\/el-deficit-de-atencion-con-hiperactividad-9788491365983\/?c=\" data-type=\"link\" data-id=\"https:\/\/www.claret.cat\/es\/libro\/el-deficit-de-atencion-con-hiperactividad-9788491365983\/?c=\" target=\"_blank\" rel=\"noopener\">Entdecken Sie seine interessante Ver\u00f6ffentlichung<\/a><\/p>\n\n\n\n<p><a href=\"https:\/\/zsbarcelona.com\/de\/kontakt\/\" data-type=\"link\" data-id=\"https:\/\/zsbarcelona.com\/contacto\/\">Finden Sie heraus, wie unser personalisiertes Bildungsmodell Ihrem Kind helfen kann.<\/a><\/p>\n\n\n\n<hr class=\"wp-block-separator has-alpha-channel-opacity\"\/>\n\n\n\n<h1 class=\"wp-block-heading\"><strong>Eine neue Perspektive auf ADH im Kindesalter: Einblicke von einer deutschen Schule in Barcelona<\/strong><\/h1>\n\n\n\n<h3 class=\"wp-block-heading\"><strong>Jenseits des Etiketts: Aufmerksamkeitsdefizitsyndrom verstehen<\/strong><\/h3>\n\n\n\n<p>Das Buch \"Attention Deficit with Hyperactivity\" (Aufmerksamkeitsdefizit und Hyperaktivit\u00e4t) von Dr. Francesc M. Rovira Toda, einem Psychologen mit mehr als 40 Jahren Erfahrung in der psycho-p\u00e4dagogischen Abteilung der Z\u00fcrcher Schule Barcelona, l\u00e4dt uns zu einer tiefen und humanistischen Reflexion ein. Sein Buch, das das Ergebnis jahrzehntelanger direkter Arbeit mit Sch\u00fclern, Familien und Lehrern ist, stellt das derzeitige Modell der ADHS-Diagnose und -Behandlung in Frage und schl\u00e4gt eine umfassendere und individuellere Sichtweise vor.<\/p>\n\n\n\n<h3 class=\"wp-block-heading\"><strong>Internationale deutsche Schule: eine differenzierte Perspektive<\/strong><\/h3>\n\n\n\n<p>Einer der Eckpfeiler der Arbeit von Dr. Rovira Toda ist die entscheidende Unterscheidung zwischen ADHS (Aufmerksamkeitsdefizit-Hyperaktivit\u00e4tsst\u00f6rung) und DAH (Aufmerksamkeitsdefizit mit Hyperaktivit\u00e4t, ohne das \"D\" f\u00fcr Disorder). Der Autor argumentiert, dass nicht jede Aufmerksamkeitsst\u00f6rung eine chronische neurologische St\u00f6rung ist. Oftmals sind entwicklungsbedingte, emotionale oder beziehungsbezogene Faktoren im Spiel, die eine sorgf\u00e4ltige Bewertung erfordern, bevor ein Etikett verwendet wird.<\/p>\n\n\n\n<ul class=\"wp-block-list\">\n<li>ADHS: Eine St\u00f6rung mit einer neurologischen Grundlage.<\/li>\n\n\n\n<li>DAH: Aufmerksamkeitsschwierigkeiten, die verschiedene Ursachen haben k\u00f6nnen (emotional, entwicklungsbedingt usw.).<\/li>\n<\/ul>\n\n\n\n<h3 class=\"wp-block-heading\"><strong>Eine konstruktive Kritik am derzeitigen Modell<\/strong><\/h3>\n\n\n\n<p>Angesichts der \u00dcberdiagnose und \u00dcbermedikation schl\u00e4gt Dr. Rovira Toda einen multidisziplin\u00e4ren Ansatz vor. Er stellt die Tendenz in Frage, Medikamente als erste und einzige Antwort zu sehen, und pl\u00e4diert f\u00fcr eine enge Zusammenarbeit zwischen der Schule, der Familie und den Fachleuten im Gesundheitswesen. Dabei geht es nicht darum, die Existenz der St\u00f6rung zu leugnen, sondern darum, Vereinfachungen zu vermeiden und das Kind in seiner Gesamtheit zu verstehen.<\/p>\n\n\n\n<h3 class=\"wp-block-heading\"><strong>Die kleine Schule als unterst\u00fctzendes Umfeld<\/strong><\/h3>\n\n\n\n<p>Die Erfahrungen von Dr. Rovira Toda an der Z\u00fcrich Schule Barcelona haben gezeigt, wie wertvoll ein enges und pers\u00f6nliches p\u00e4dagogisches Umfeld ist. In einer kleinen Schule, in der jeder Sch\u00fcler mit seinem Namen, seiner Geschichte und seinem Umfeld bekannt ist, nimmt die Erkennung und Unterst\u00fctzung von Lernschwierigkeiten eine menschlichere und wirksamere Dimension an. Dieses Modell erm\u00f6glicht eine st\u00e4ndige Koordinierung zwischen Nachhilfeunterricht, Beratung und Familie, was bei Aufmerksamkeitsdefiziten von grundlegender Bedeutung ist.<\/p>\n\n\n\n<h3 class=\"wp-block-heading\"><strong>Schlussfolgerung<\/strong><\/h3>\n\n\n\n<p>Die Arbeit von Dr. Rovira Toda, die mit seiner Karriere an der Z\u00fcrich Schule Barcelona verbunden ist, unterstreicht die Idee, dass die Bildung und das Wohlbefinden von Kindern Zeit, Urteilsverm\u00f6gen und eine umfassende Perspektive erfordern. In einer Welt, die zur Massifizierung tendiert, erweisen sich das kleine Schulmodell und die individuelle Behandlung als Notwendigkeit und nicht als Luxus, der einen echten Unterschied in der Entwicklung jedes einzelnen Sch\u00fclers ausmacht.<\/p>\n\n\n\n<figure class=\"wp-block-image size-large is-resized\"><img decoding=\"async\" width=\"654\" height=\"1024\" src=\"https:\/\/zsbarcelona.com\/wp-content\/uploads\/2026\/02\/Captura-de-pantalla-2026-02-08-a-las-16.13.05-654x1024.png\" alt=\"\" class=\"wp-image-3753\" style=\"aspect-ratio:0.638347805679418;width:178px;height:auto\" srcset=\"https:\/\/zsbarcelona.com\/wp-content\/uploads\/2026\/02\/Captura-de-pantalla-2026-02-08-a-las-16.13.05-654x1024.png 654w, https:\/\/zsbarcelona.com\/wp-content\/uploads\/2026\/02\/Captura-de-pantalla-2026-02-08-a-las-16.13.05-192x300.png 192w, https:\/\/zsbarcelona.com\/wp-content\/uploads\/2026\/02\/Captura-de-pantalla-2026-02-08-a-las-16.13.05-8x12.png 8w, https:\/\/zsbarcelona.com\/wp-content\/uploads\/2026\/02\/Captura-de-pantalla-2026-02-08-a-las-16.13.05.png 766w\" sizes=\"(max-width: 654px) 100vw, 654px\" \/><\/figure>\n\n\n\n<h3 class=\"wp-block-heading\"><strong>M\u00f6chten Sie mehr erfahren?<\/strong><\/h3>\n\n\n\n<p><a href=\"https:\/\/www.claret.cat\/es\/libro\/el-deficit-de-atencion-con-hiperactividad-9788491365983\/?c=\" data-type=\"link\" data-id=\"https:\/\/www.claret.cat\/es\/libro\/el-deficit-de-atencion-con-hiperactividad-9788491365983\/?c=\" target=\"_blank\" rel=\"noopener\">Entdecken Sie seine interessante Ver\u00f6ffentlichung<\/a> (auf Englisch)<\/p>\n\n\n\n<p><a href=\"https:\/\/zsbarcelona.com\/en\/contact\/\" data-type=\"link\" data-id=\"https:\/\/zsbarcelona.com\/en\/contact\/\">Entdecken Sie, wie unser personalisiertes Bildungsmodell Ihrem Kind helfen kann.<\/a><\/p>\n\n\n\n<p><\/p>","protected":false},"excerpt":{"rendered":"<p>M\u00e1s all\u00e1 de la etiqueta: comprendiendo el d\u00e9ficit de atenci\u00f3n La obra \u00abEl D\u00e9ficit de Atenci\u00f3n con Hiperactividad\u00bb del Dr. Francesc M. Rovira Toda, psic\u00f3logo con m\u00e1s de 40 a\u00f1os de experiencia en el Gabinete Psicopedag\u00f3gico de Z\u00fcrich Schule Barcelona, nos invita a una reflexi\u00f3n profunda y humanista. Su libro, fruto de d\u00e9cadas de trabajo [&hellip;]<\/p>\n","protected":false},"author":3,"featured_media":3767,"comment_status":"open","ping_status":"open","sticky":false,"template":"","format":"standard","meta":{"footnotes":""},"categories":[1],"tags":[156,155,153,39,157,40,145,147,149,150,148,151,143,118,152,146,154,144],"class_list":["post-3750","post","type-post","status-publish","format-standard","has-post-thumbnail","hentry","category-blog","tag-adhd-in-children","tag-attention-deficit","tag-child-development","tag-colegio-aleman-barcelona","tag-conscious-parenting","tag-consejos-para-familias","tag-crianza-consciente","tag-deficit-de-atencion","tag-desarrollo-infantil","tag-dr-francesc-m-rovira-toda","tag-educacion-personalizada","tag-educational-psychology","tag-escuela-pequena","tag-international-school-barcelona","tag-personalized-education","tag-psicologia-educativa","tag-small-school","tag-tdah-infantil"],"_links":{"self":[{"href":"https:\/\/zsbarcelona.com\/de\/wp-json\/wp\/v2\/posts\/3750","targetHints":{"allow":["GET"]}}],"collection":[{"href":"https:\/\/zsbarcelona.com\/de\/wp-json\/wp\/v2\/posts"}],"about":[{"href":"https:\/\/zsbarcelona.com\/de\/wp-json\/wp\/v2\/types\/post"}],"author":[{"embeddable":true,"href":"https:\/\/zsbarcelona.com\/de\/wp-json\/wp\/v2\/users\/3"}],"replies":[{"embeddable":true,"href":"https:\/\/zsbarcelona.com\/de\/wp-json\/wp\/v2\/comments?post=3750"}],"version-history":[{"count":4,"href":"https:\/\/zsbarcelona.com\/de\/wp-json\/wp\/v2\/posts\/3750\/revisions"}],"predecessor-version":[{"id":3802,"href":"https:\/\/zsbarcelona.com\/de\/wp-json\/wp\/v2\/posts\/3750\/revisions\/3802"}],"wp:featuredmedia":[{"embeddable":true,"href":"https:\/\/zsbarcelona.com\/de\/wp-json\/wp\/v2\/media\/3767"}],"wp:attachment":[{"href":"https:\/\/zsbarcelona.com\/de\/wp-json\/wp\/v2\/media?parent=3750"}],"wp:term":[{"taxonomy":"category","embeddable":true,"href":"https:\/\/zsbarcelona.com\/de\/wp-json\/wp\/v2\/categories?post=3750"},{"taxonomy":"post_tag","embeddable":true,"href":"https:\/\/zsbarcelona.com\/de\/wp-json\/wp\/v2\/tags?post=3750"}],"curies":[{"name":"wp","href":"https:\/\/api.w.org\/{rel}","templated":true}]}}