{"id":3826,"date":"2026-04-13T08:00:00","date_gmt":"2026-04-13T08:00:00","guid":{"rendered":"https:\/\/zsbarcelona.com\/?p=3826"},"modified":"2026-04-05T13:31:15","modified_gmt":"2026-04-05T13:31:15","slug":"educacion-cuatrilingue-en-barcelona-se-pierde-el-catalan-o-el-castellano-en-una-escuela-alemana","status":"publish","type":"post","link":"https:\/\/zsbarcelona.com\/de\/educacion-cuatrilingue-en-barcelona-se-pierde-el-catalan-o-el-castellano-en-una-escuela-alemana\/","title":{"rendered":"Educaci\u00f3n cuatriling\u00fce en Barcelona: \u00bfSe pierde el catal\u00e1n o el castellano en una escuela alemana?"},"content":{"rendered":"<p>Hay una preocupaci\u00f3n que aparece, casi sin excepci\u00f3n, en las conversaciones con familias locales e internacionales que visitan nuestra escuela alemana internacional por primera vez. No siempre la formulan igual. A veces es directa: \u00ab\u00bfMi hijo va a perder el catal\u00e1n?\u00bb A veces viene disfrazada de curiosidad: \u00ab\u00bfCu\u00e1ntas horas a la semana se imparten en castellano?\u00bb<\/p>\n\n\n\n<p>Pero debajo de todas esas versiones late la misma duda: si mi hijo aprende alem\u00e1n e ingl\u00e9s con nosotros, \u00bfqu\u00e9 pasa con las lenguas de su entorno inmediato? Como colegio cuatriling\u00fce en Barcelona, entendemos que esta es una pregunta leg\u00edtima que merece una respuesta honesta, alejada de los folletos de marketing tradicionales.<\/p>\n\n\n\n<h3 class=\"wp-block-heading\"><strong>El mito del \u00abpastel ling\u00fc\u00edstico\u00bb en la educaci\u00f3n multiling\u00fce<\/strong><\/h3>\n\n\n\n<p>El error m\u00e1s com\u00fan al pensar en la educaci\u00f3n en varios idiomas es imaginarla como un pastel que se reparte: si das un trozo m\u00e1s grande al alem\u00e1n, se lo quitas al catal\u00e1n. Bajo esa l\u00f3gica, a\u00f1adir complejidad ling\u00fc\u00edstica significar\u00eda necesariamente restar dominio de las lenguas locales.<\/p>\n\n\n\n<p>Sin embargo, la ling\u00fc\u00edstica aplicada demuestra que las lenguas en un cerebro multiling\u00fce no compiten, sino que se refuerzan. En Z\u00fcrich Schule Barcelona (ZSB), vemos a diario c\u00f3mo un ni\u00f1o que desarrolla habilidades de comprensi\u00f3n en catal\u00e1n transfiere esa estructura al alem\u00e1n. El pensamiento cr\u00edtico y la capacidad de argumentar con precisi\u00f3n en castellano son herramientas que el alumno lleva consigo cuando cambia al ingl\u00e9s. La clave de nuestra educaci\u00f3n personalizada no es cu\u00e1ntas lenguas se ense\u00f1an, sino c\u00f3mo se integran en el desarrollo cognitivo.<\/p>\n\n\n\n<h3 class=\"wp-block-heading\"><strong>C\u00f3mo funciona el curr\u00edculo cuatriling\u00fce en ZSB<\/strong><\/h3>\n\n\n\n<p>A diferencia de otros centros, no aplicamos un modelo de inmersi\u00f3n total en alem\u00e1n que ignore la realidad de Barcelona. Somos una escuela alemana internacional con un dise\u00f1o curricular donde el alem\u00e1n, el espa\u00f1ol, el ingl\u00e9s y el catal\u00e1n tienen su espacio, su funci\u00f3n y su momento.<\/p>\n\n\n\n<ol class=\"wp-block-list\">\n<li>Alem\u00e1n: Es la lengua de instrucci\u00f3n principal desde los 2 a\u00f1os (EI2).<\/li>\n\n\n\n<li>Catal\u00e1n y Castellano: No son simples \u00abasignaturas de lengua\u00bb para cumplir el expediente legal. Son lenguas de aprendizaje reales, con presencia en proyectos, contenidos y evaluaci\u00f3n.<\/li>\n\n\n\n<li>Ingl\u00e9s: Se incorpora de forma progresiva con un enfoque comunicativo desde los primeros cursos, prepar\u00e1ndolos para el programa IB en Barcelona.<\/li>\n<\/ol>\n\n\n\n<p>El resultado es que nuestros alumnos de Secundaria (MYP) no eligen en qu\u00e9 lengua pensar; simplemente utilizan la que el contexto requiere. Es el \u00e9xito de una exposici\u00f3n consistente y bien estructurada durante a\u00f1os.<\/p>\n\n\n\n<h3 class=\"wp-block-heading\"><strong>La realidad del per\u00edodo de ajuste: Honestidad acad\u00e9mica<\/strong><\/h3>\n\n\n\n<p>Es importante ser honestos: en los primeros dos o tres a\u00f1os, especialmente si el ni\u00f1o empieza en EI2 sin base de alem\u00e1n, existe un per\u00edodo de ajuste. El cerebro est\u00e1 procesando una carga cognitiva alta.<\/p>\n\n\n\n<figure class=\"wp-block-image size-full is-resized\"><img fetchpriority=\"high\" decoding=\"async\" width=\"1024\" height=\"1024\" src=\"https:\/\/zsbarcelona.com\/wp-content\/uploads\/2026\/04\/2-1.png\" alt=\"\" class=\"wp-image-3828\" style=\"width:147px;height:auto\" srcset=\"https:\/\/zsbarcelona.com\/wp-content\/uploads\/2026\/04\/2-1.png 1024w, https:\/\/zsbarcelona.com\/wp-content\/uploads\/2026\/04\/2-1-300x300.png 300w, https:\/\/zsbarcelona.com\/wp-content\/uploads\/2026\/04\/2-1-150x150.png 150w, https:\/\/zsbarcelona.com\/wp-content\/uploads\/2026\/04\/2-1-768x768.png 768w, https:\/\/zsbarcelona.com\/wp-content\/uploads\/2026\/04\/2-1-12x12.png 12w\" sizes=\"(max-width: 1024px) 100vw, 1024px\" \/><\/figure>\n\n\n\n<p>Lo que garantizamos, tras d\u00e9cadas de experiencia como colegio privado en Barcelona, es que este proceso no da\u00f1a el desarrollo del catal\u00e1n o el castellano. Al contrario, los estudios demuestran que, hacia los 8-10 a\u00f1os, los alumnos multiling\u00fces rinden igual o mejor en comprensi\u00f3n lectora en las lenguas locales que sus compa\u00f1eros de colegios monoling\u00fces. El esfuerzo inicial se traduce en una ventaja competitiva e intelectual de por vida.<\/p>\n\n\n\n<h3 class=\"wp-block-heading\"><strong>M\u00e1s all\u00e1 de las horas lectivas: La lengua del patio<\/strong><\/h3>\n\n\n\n<p>Cuando visite nuestra escuela alemana internacional, le sugiero que no se fije solo en el horario escolar. La m\u00e9trica de \u00abhoras por idioma\u00bb es insuficiente. Observe, en cambio, en qu\u00e9 lengua se r\u00eden los alumnos en el patio, en qu\u00e9 idioma hacen bromas o c\u00f3mo le cuentan algo importante a su tutor.<\/p>\n\n\n\n\n\n<p>\u00bfDesea descubrir c\u00f3mo nuestro enfoque cuatriling\u00fce prepara a su hijo para el \u00e9xito? Le invitamos a visitar nuestro campus y conversar con nuestros docentes para conocer de cerca c\u00f3mo equilibramos la excelencia acad\u00e9mica con el bienestar emocional y ling\u00fc\u00edstico de cada alumno. <\/p>\n\n\n\n<p>\u00bfPreocupado por el catal\u00e1n o castellano en una escuela alemana? <a href=\"https:\/\/zsbarcelona.com\/de\/kontakt\/\" data-type=\"link\" data-id=\"https:\/\/zsbarcelona.com\/contacto\/\">Descubre c\u00f3mo nuestra escuela alemana internacional en Barcelona logra un \u00e9xito cuatriling\u00fce real<\/a>.<\/p>\n\n\n\n<hr class=\"wp-block-separator has-alpha-channel-opacity\"\/>\n\n\n\n<h1 class=\"wp-block-heading\"><strong>Multilingual Education in Barcelona: Balancing German, English, and Local Languages<\/strong><\/h1>\n\n\n\n<p>There is a concern that arises, almost without exception, when international and expat families visit our German International School Barcelona for the first time. The question varies: \u00abWill my child actually integrate into the local culture?\u00bb or \u00abHow much Spanish and Catalan will they really learn?\u00bb<\/p>\n\n\n\n<p>Underneath these questions lies a fundamental priority: ensuring that while gaining a global education, children do not lose touch with the languages of the city they call home. As a multilingual school with 4 languages, we believe in providing an honest perspective on how high-level language acquisition actually works.<\/p>\n\n\n\n<h3 class=\"wp-block-heading\"><strong>Why Languages Don&#8217;t Compete in a Multilingual Brain<\/strong><\/h3>\n\n\n\n<p>A common misconception is viewing language learning as a \u00abzero-sum game\u00bb\u2014the idea that more time spent on German or English must mean less proficiency in Spanish or Catalan.<\/p>\n\n\n\n<p>Applied linguistics has debunked this \u00abpie chart\u00bb logic. In a multilingual brain, languages reinforce one another. At Z\u00fcrich Schule Barcelona (ZSB), we see how a student who masters structural competence in Catalan naturally transfers those skills to German. The ability to construct a complex argument in Spanish is a cognitive tool that the student carries over when speaking English. Our IB school in Barcelona focuses on teaching students <em>how<\/em> to learn, making the transition between our four languages seamless.<\/p>\n\n\n\n<h3 class=\"wp-block-heading\"><strong>The ZSB Curriculum: A Unique 4-Language Approach<\/strong><\/h3>\n\n\n\n<p>ZSB stands out as a private school in Barcelona because we do not treat local languages as secondary. Our curriculum is meticulously designed so that German, Spanish, English, and Catalan each have a functional and academic role.<\/p>\n\n\n\n<ul class=\"wp-block-list\">\n<li>German: The primary language of instruction starting from age 2 (EI2).<\/li>\n\n\n\n<li>Spanish &amp; Catalan: These are not just \u00abextra classes.\u00bb They are vehicular languages used in projects and assessments, ensuring students achieve native-level fluency.<\/li>\n\n\n\n<li>English: Introduced progressively with a strong communicative focus, preparing students for international success.<\/li>\n<\/ul>\n\n\n\n<p>By the time our students reach the Middle Years Programme (MYP), they don&#8217;t choose which language to think in\u2014they simply use the most effective one for the task at hand.<\/p>\n\n\n\n<h3 class=\"wp-block-heading\"><strong>The Adjustment Period: What to Expect<\/strong><\/h3>\n\n\n\n\n\n<figure class=\"wp-block-image size-full is-resized\"><img decoding=\"async\" width=\"1024\" height=\"1024\" src=\"https:\/\/zsbarcelona.com\/wp-content\/uploads\/2026\/04\/3-1.png\" alt=\"\" class=\"wp-image-3829\" style=\"width:167px;height:auto\" srcset=\"https:\/\/zsbarcelona.com\/wp-content\/uploads\/2026\/04\/3-1.png 1024w, https:\/\/zsbarcelona.com\/wp-content\/uploads\/2026\/04\/3-1-300x300.png 300w, https:\/\/zsbarcelona.com\/wp-content\/uploads\/2026\/04\/3-1-150x150.png 150w, https:\/\/zsbarcelona.com\/wp-content\/uploads\/2026\/04\/3-1-768x768.png 768w, https:\/\/zsbarcelona.com\/wp-content\/uploads\/2026\/04\/3-1-12x12.png 12w\" sizes=\"(max-width: 1024px) 100vw, 1024px\" \/><\/figure>\n\n\n\n<p>However, decades of experience show that this does not hinder development in Spanish or Catalan. Longitudinal studies consistently prove that by ages 8-10, multilingual students often outperform their monolingual peers in reading comprehension and cognitive flexibility. The initial \u00abeffort\u00bb pays off in the form of a truly global mindset.<\/p>\n\n\n\n<h3 class=\"wp-block-heading\"><strong>The \u00abPlayground Test\u00bb<\/strong><\/h3>\n\n\n\n<p>When you visit our German International School, we encourage you to look beyond the curriculum maps. Don&#8217;t just ask about the number of hours spent on each language. Instead, listen to the students during break time. In what language are they joking? How do they express their emotions to their teachers?<\/p>\n\n\n\n<p>At ZSB, the answer is \u00aball of them.\u00bb Our goal is to ensure that whether they are in Barcelona or Berlin, our students feel at home in the language they are speaking.<\/p>\n\n\n\n<p>Ready to see our multilingual community in action? We invite you to book a visit and discover how ZSB\u2019s holistic educational approach prepares your child for a successful and fulfilling future in four languages. <\/p>\n\n\n\n<p>Will your child learn Spanish and Catalan at a German school? <a href=\"https:\/\/zsbarcelona.com\/en\/contact\/\" data-type=\"link\" data-id=\"https:\/\/zsbarcelona.com\/en\/contact\/\">Discover how our German International School Barcelona masters 4-language education for expats.<\/a><\/p>\n\n\n\n<p><\/p>","protected":false},"excerpt":{"rendered":"<p>Hay una preocupaci\u00f3n que aparece, casi sin excepci\u00f3n, en las conversaciones con familias locales e internacionales que visitan nuestra escuela alemana internacional por primera vez. No siempre la formulan igual. A veces es directa: \u00ab\u00bfMi hijo va a perder el catal\u00e1n?\u00bb A veces viene disfrazada de curiosidad: \u00ab\u00bfCu\u00e1ntas horas a la semana se imparten en [&hellip;]<\/p>\n","protected":false},"author":3,"featured_media":3827,"comment_status":"open","ping_status":"open","sticky":false,"template":"","format":"standard","meta":{"footnotes":""},"categories":[1],"tags":[200,215,212,216,197,187,214,148,184,190,213,191,217,218,186,118,86,132,192],"class_list":["post-3826","post","type-post","status-publish","format-standard","has-post-thumbnail","hentry","category-blog","tag-4-language-school-barcelona","tag-aprender-aleman-barcelona","tag-bilinguismo","tag-colegio-aleman","tag-colegio-privado-barcelona","tag-cuatrilingue","tag-educacion-internacional","tag-educacion-personalizada","tag-escuela-alemana-internacional","tag-expat-families-barcelona","tag-familias-expatriadas-barcelona","tag-german-international-school","tag-german-school-spain","tag-global-education","tag-ib-barcelona","tag-international-school-barcelona","tag-multilingual-education","tag-multilingualism","tag-private-school-barcelona"],"_links":{"self":[{"href":"https:\/\/zsbarcelona.com\/de\/wp-json\/wp\/v2\/posts\/3826","targetHints":{"allow":["GET"]}}],"collection":[{"href":"https:\/\/zsbarcelona.com\/de\/wp-json\/wp\/v2\/posts"}],"about":[{"href":"https:\/\/zsbarcelona.com\/de\/wp-json\/wp\/v2\/types\/post"}],"author":[{"embeddable":true,"href":"https:\/\/zsbarcelona.com\/de\/wp-json\/wp\/v2\/users\/3"}],"replies":[{"embeddable":true,"href":"https:\/\/zsbarcelona.com\/de\/wp-json\/wp\/v2\/comments?post=3826"}],"version-history":[{"count":1,"href":"https:\/\/zsbarcelona.com\/de\/wp-json\/wp\/v2\/posts\/3826\/revisions"}],"predecessor-version":[{"id":3830,"href":"https:\/\/zsbarcelona.com\/de\/wp-json\/wp\/v2\/posts\/3826\/revisions\/3830"}],"wp:featuredmedia":[{"embeddable":true,"href":"https:\/\/zsbarcelona.com\/de\/wp-json\/wp\/v2\/media\/3827"}],"wp:attachment":[{"href":"https:\/\/zsbarcelona.com\/de\/wp-json\/wp\/v2\/media?parent=3826"}],"wp:term":[{"taxonomy":"category","embeddable":true,"href":"https:\/\/zsbarcelona.com\/de\/wp-json\/wp\/v2\/categories?post=3826"},{"taxonomy":"post_tag","embeddable":true,"href":"https:\/\/zsbarcelona.com\/de\/wp-json\/wp\/v2\/tags?post=3826"}],"curies":[{"name":"wp","href":"https:\/\/api.w.org\/{rel}","templated":true}]}}