{"id":3821,"date":"2026-04-06T08:00:00","date_gmt":"2026-04-06T08:00:00","guid":{"rendered":"https:\/\/zsbarcelona.com\/?p=3821"},"modified":"2026-04-05T11:41:27","modified_gmt":"2026-04-05T11:41:27","slug":"el-aleman-desde-los-2-anos-la-ventana-de-oportunidad-en-nuestra-escuela-alemana-internacional","status":"publish","type":"post","link":"https:\/\/zsbarcelona.com\/en\/el-aleman-desde-los-2-anos-la-ventana-de-oportunidad-en-nuestra-escuela-alemana-internacional\/","title":{"rendered":"El alem\u00e1n desde los 2 a\u00f1os: La ventana de oportunidad en nuestra Escuela Alemana Internacional"},"content":{"rendered":"<p>Hay una pregunta que escuchamos con frecuencia en las jornadas de puertas abiertas de&nbsp;<strong>Z\u00fcrich Schule Barcelona<\/strong>:&nbsp;<em>\u00ab\u00bfNo es demasiado peque\u00f1o para empezar con el alem\u00e1n?\u00bb<\/em>. Es una duda comprensible. A los dos a\u00f1os, parece que a\u00fan hay tiempo de sobra. Sin embargo, como&nbsp;<strong>escuela alemana internacional<\/strong>&nbsp;con d\u00e9cadas de experiencia, sabemos que precisamente en esa edad reside una ventaja competitiva que no vuelve a repetirse.<\/p>\n\n\n\n<p>Lo que la neurociencia denomina \u00abper\u00edodos sensibles\u00bb no es una teor\u00eda pedag\u00f3gica, sino una realidad biol\u00f3gica. En ZSB, aprovechamos esta ventana de oportunidad para ofrecer una&nbsp;<strong>educaci\u00f3n cuatriling\u00fce<\/strong>&nbsp;donde el alem\u00e1n, el espa\u00f1ol, el ingl\u00e9s y el catal\u00e1n se integran de forma natural desde el primer d\u00eda.<\/p>\n\n\n\n<h3 class=\"wp-block-heading\">Lo que ocurre en el cerebro antes de los 7 a\u00f1os<\/h3>\n\n\n\n<p>Los neurocient\u00edficos coinciden: el cerebro humano tiene ventanas de tiempo en las que determinadas habilidades se desarrollan con una facilidad asombrosa. Para la adquisici\u00f3n del lenguaje, esa ventana empieza a cerrarse progresivamente a partir de los 7 a\u00f1os.<\/p>\n\n\n\n<p>Un ni\u00f1o que inicia su camino en un&nbsp;<strong>colegio internacional en Barcelona<\/strong>&nbsp;a los 2 a\u00f1os procesa el idioma de forma cualitativamente diferente a quien empieza en la adolescencia. La diferencia no es de cantidad, sino de naturaleza. El ni\u00f1o peque\u00f1o no \u00abestudia\u00bb el alem\u00e1n; lo adquiere. Lo absorbe mediante el mismo mecanismo biol\u00f3gico con el que aprende su lengua materna: sin esfuerzo consciente, sin reglas gramaticales y sin traducci\u00f3n interna.<\/p>\n\n\n\n<h3 class=\"wp-block-heading\">Inmersi\u00f3n real: El d\u00eda a d\u00eda en una escuela multiling\u00fce de 4 idiomas<\/h3>\n\n\n\n<p>En nuestra aula de EI2 (2 a\u00f1os), los alumnos no tienen \u00abclase de alem\u00e1n\u00bb. Tienen&nbsp;<strong>vida en alem\u00e1n<\/strong>. At&nbsp;<strong>Z\u00fcrich Schule Barcelona<\/strong>, la profesora se comunica en alem\u00e1n durante el desayuno, el juego y la asamblea. No hay flashcards ni repeticiones mec\u00e1nicas.<\/p>\n\n\n\n<p>Este enfoque de&nbsp;<strong>atenci\u00f3n personalizada<\/strong>&nbsp;permite que el cerebro haga el resto, integrando el alem\u00e1n junto al espa\u00f1ol y el catal\u00e1n que el ni\u00f1o ya escucha en su entorno. Al llegar a Primaria, estos alumnos conversan con una fluidez natural en varios idiomas. No es que sean superdotados; es que el est\u00edmulo lleg\u00f3 en el momento biol\u00f3gico correcto. Como&nbsp;<strong>colegio con programa internacional (IB)<\/strong>, preparamos el terreno desde la base para el \u00e9xito acad\u00e9mico futuro.<\/p>\n\n\n\n<h3 class=\"wp-block-heading\">\u00bfSe puede aprender alem\u00e1n m\u00e1s tarde?<\/h3>\n\n\n\n<p>Absolutamente. El alem\u00e1n se puede dominar en cualquier etapa de la vida con dedicaci\u00f3n. Sin embargo, lograr una competencia nativa \u2014con la intuici\u00f3n gramatical, el acento perfecto y la capacidad de pensar directamente en el idioma\u2014 es un regalo que solo se puede entregar en la infancia temprana.<\/p>\n\n\n\n<figure class=\"wp-block-image size-full is-resized\"><img fetchpriority=\"high\" decoding=\"async\" width=\"1024\" height=\"1024\" src=\"https:\/\/zsbarcelona.com\/wp-content\/uploads\/2026\/04\/2.png\" alt=\"\" class=\"wp-image-3823\" style=\"width:167px;height:auto\" srcset=\"https:\/\/zsbarcelona.com\/wp-content\/uploads\/2026\/04\/2.png 1024w, https:\/\/zsbarcelona.com\/wp-content\/uploads\/2026\/04\/2-300x300.png 300w, https:\/\/zsbarcelona.com\/wp-content\/uploads\/2026\/04\/2-150x150.png 150w, https:\/\/zsbarcelona.com\/wp-content\/uploads\/2026\/04\/2-768x768.png 768w, https:\/\/zsbarcelona.com\/wp-content\/uploads\/2026\/04\/2-12x12.png 12w\" sizes=\"(max-width: 1024px) 100vw, 1024px\" \/><\/figure>\n\n\n\n<p>Like&nbsp;<strong>mejor colegio internacional en Barcelona<\/strong>&nbsp;para familias que buscan rigor y calidez, sabemos que el alem\u00e1n es mucho m\u00e1s que un idioma: es una llave. Es el acceso a las universidades de Alemania, Suiza o Austria y a un mercado laboral global de alto nivel. Adem\u00e1s, la estructura l\u00f3gica del alem\u00e1n fomenta un pensamiento met\u00f3dico y riguroso que beneficia al estudiante en todas las \u00e1reas del curr\u00edculo IB.<\/p>\n\n\n\n<h3 class=\"wp-block-heading\">El concepto de \u00abFr\u00fchf\u00f6rderung\u00bb en ZSB<\/h3>\n\n\n\n<p>Existe una palabra alemana fundamental en nuestra filosof\u00eda:&nbsp;<em>Fr\u00fchf\u00f6rderung<\/em>. Significa \u00abestimulaci\u00f3n y apoyo en las etapas tempranas\u00bb. No se trata de presi\u00f3n acad\u00e9mica ni de aceleraci\u00f3n artificial, sino de reconocer que hay momentos f\u00e9rtiles que debemos honrar.<\/p>\n\n\n\n<p>At&nbsp;<strong>Z\u00fcrich Schule Barcelona<\/strong>, no empezamos a los 2 a\u00f1os por marketing. Lo hacemos porque la ciencia lo avala y los resultados de nuestros alumnos lo confirman. Somos una&nbsp;<strong>escuela alemana internacional<\/strong>&nbsp;que entiende que la ventana est\u00e1 abierta ahora, y nuestro compromiso es ayudar a su hijo a cruzarla con confianza.<\/p>\n\n\n\n<p>Descubre por qu\u00e9 empezar alem\u00e1n a los 2 a\u00f1os es clave. En nuestra escuela alemana internacional en Barcelona, unimos neurociencia y educaci\u00f3n cuatriling\u00fce.<\/p>\n\n\n\n<p>Le invitamos a descubrir c\u00f3mo nuestro enfoque de inmersi\u00f3n temprana y atenci\u00f3n personalizada puede preparar a su hijo para un futuro de \u00e9xito global. <a href=\"https:\/\/zsbarcelona.com\/en\/contact\/\" data-type=\"link\" data-id=\"https:\/\/zsbarcelona.com\/contacto\/\">Visite nuestras instalaciones y vea c\u00f3mo es un d\u00eda real en nuestra aula de 2 a\u00f1os.<\/a><\/p>\n\n\n\n<hr class=\"wp-block-separator has-alpha-channel-opacity\"\/>\n\n\n\n<h1 class=\"wp-block-heading\">German from Age 2: The Window of Opportunity at our German International School<\/h1>\n\n\n\n<p>At&nbsp;<strong>Z\u00fcrich Schule Barcelona<\/strong>, a common question during our Open Days is:&nbsp;<em>\u00abIsn&#8217;t my child too young to start learning German?\u00bb<\/em>&nbsp;It is a valid concern. At two years old, it feels like there is plenty of time. However, as a leading&nbsp;<strong>German International School Barcelona<\/strong>, we know that this specific age represents a biological advantage that will never be repeated.<\/p>\n\n\n\n<p>What neuroscience calls \u00absensitive periods\u00bb is not just a pedagogical theory; it is a biological reality. At ZSB, we seize this window to offer a truly&nbsp;<strong>multilingual education<\/strong>, where German, Spanish, English, and Catalan are integrated naturally from day one.<\/p>\n\n\n\n<h3 class=\"wp-block-heading\">What Happens in the Brain Before Age 7<\/h3>\n\n\n\n<p>Neuroscientists have proven that the human brain has specific windows of time where certain skills develop with extraordinary ease. For language acquisition, this window begins to close progressively after age 7.<\/p>\n\n\n\n<p>A child starting at an&nbsp;<strong>international school Barcelona<\/strong>&nbsp;at age 2 processes language qualitatively differently than someone starting at 12 or 18. The difference is not about the amount of vocabulary; it is about the nature of learning. A toddler does not \u00ablearn\u00bb German; they acquire it. They absorb it through the same biological mechanism used for their mother tongue\u2014without conscious effort, grammar drills, or internal translation.<\/p>\n\n\n\n<h3 class=\"wp-block-heading\">Real Immersion: Daily Life in a 4-Language School<\/h3>\n\n\n\n<p>In our EI2 classroom (2-year-olds), students don&#8217;t have \u00abGerman lessons.\u00bb They have&nbsp;<strong>life in German<\/strong>. At ZSB, the teacher speaks German during breakfast, playtime, and morning assembly. There is no systematic translation.<\/p>\n\n\n\n<p>This&nbsp;<strong>private school Barcelona<\/strong>&nbsp;experience allows the brain to do the rest, mirroring how they pick up Spanish or Catalan at home. By age 6, these children converse with natural fluency in multiple languages. This isn&#8217;t because they are gifted; it&#8217;s because the timing was right. As an&nbsp;<strong>IB school Barcelona<\/strong>, we lay the foundation for global academic excellence from the very beginning.<\/p>\n\n\n\n<h3 class=\"wp-block-heading\">Can German Be Learned Later?<\/h3>\n\n\n\n<p>Yes, absolutely. German can be mastered at any stage of life with enough dedication. However, achieving native-like proficiency\u2014with intuitive grammar, a perfect accent, and the ability to think directly in German\u2014is a gift that can only be given in early childhood.<\/p>\n\n\n\n<figure class=\"wp-block-image size-full is-resized\"><img decoding=\"async\" width=\"1024\" height=\"1024\" src=\"https:\/\/zsbarcelona.com\/wp-content\/uploads\/2026\/04\/3.png\" alt=\"\" class=\"wp-image-3824\" style=\"width:180px;height:auto\" srcset=\"https:\/\/zsbarcelona.com\/wp-content\/uploads\/2026\/04\/3.png 1024w, https:\/\/zsbarcelona.com\/wp-content\/uploads\/2026\/04\/3-300x300.png 300w, https:\/\/zsbarcelona.com\/wp-content\/uploads\/2026\/04\/3-150x150.png 150w, https:\/\/zsbarcelona.com\/wp-content\/uploads\/2026\/04\/3-768x768.png 768w, https:\/\/zsbarcelona.com\/wp-content\/uploads\/2026\/04\/3-12x12.png 12w\" sizes=\"(max-width: 1024px) 100vw, 1024px\" \/><\/figure>\n\n\n\n<p>As a top&nbsp;<strong>multilingual school Barcelona<\/strong>, we believe German is more than just a language; it is a key. It provides access to world-class universities in Germany, Switzerland, and Austria, and opens doors to the European job market. Furthermore, the logical structure of the German language fosters methodical and rigorous thinking that benefits students throughout their&nbsp;<strong>IB program<\/strong>.<\/p>\n\n\n\n<h3 class=\"wp-block-heading\">The Concept of \u00abFr\u00fchf\u00f6rderung\u00bb at ZSB<\/h3>\n\n\n\n<p>There is a German word central to our philosophy:&nbsp;<em>Fr\u00fchf\u00f6rderung<\/em>. It translates to \u00abearly-stage stimulation and support.\u00bb It is not about academic pressure; it is about recognizing that certain moments in a child&#8217;s life are exceptionally fertile for learning.<\/p>\n\n\n\n<p>At&nbsp;<strong>Z\u00fcrich Schule Barcelona<\/strong>, we start German at age 2 because neuroscience supports it and our decades of experience confirm it. We are a&nbsp;<strong>German International School<\/strong>&nbsp;committed to making the most of this open window for your child\u2019s future.<\/p>\n\n\n\n<p>Learn why starting German at age 2 is a biological advantage. Our German International School Barcelona offers a unique 4-language immersion for expats.<\/p>\n\n\n\n<p>We invite you to discover how ZSB\u2019s holistic educational approach and multilingual immersion can prepare your child for a successful and fulfilling future. <a href=\"https:\/\/zsbarcelona.com\/en\/contact\/\" data-type=\"link\" data-id=\"https:\/\/zsbarcelona.com\/en\/contact\/\">Contact us today to schedule a private tour of our classrooms<\/a>.\u00a0<\/p>\n\n\n\n<p><\/p>","protected":false},"excerpt":{"rendered":"<p>Hay una pregunta que escuchamos con frecuencia en las jornadas de puertas abiertas de&nbsp;Z\u00fcrich Schule Barcelona:&nbsp;\u00ab\u00bfNo es demasiado peque\u00f1o para empezar con el alem\u00e1n?\u00bb. Es una duda comprensible. A los dos a\u00f1os, parece que a\u00fan hay tiempo de sobra. Sin embargo, como&nbsp;escuela alemana internacional&nbsp;con d\u00e9cadas de experiencia, sabemos que precisamente en esa edad reside una [&hellip;]<\/p>\n","protected":false},"author":3,"featured_media":3822,"comment_status":"open","ping_status":"open","sticky":false,"template":"","format":"standard","meta":{"footnotes":""},"categories":[1],"tags":[203,209,206,185,197,187,207,205,184,210,191,186,118,208,86,204,192,211,76],"class_list":["post-3821","post","type-post","status-publish","format-standard","has-post-thumbnail","hentry","category-blog","tag-aprender-aleman-ninos","tag-bilingualism","tag-bilinguismo-temprano","tag-colegio-internacional-barcelona","tag-colegio-privado-barcelona","tag-cuatrilingue","tag-early-childhood-education","tag-educacion-infantil","tag-escuela-alemana-internacional","tag-expat-education-barcelona","tag-german-international-school","tag-ib-barcelona","tag-international-school-barcelona","tag-learning-german-for-kids","tag-multilingual-education","tag-neuroeducacion","tag-private-school-barcelona","tag-zsb","tag-zurich-schule-barcelona"],"_links":{"self":[{"href":"https:\/\/zsbarcelona.com\/en\/wp-json\/wp\/v2\/posts\/3821","targetHints":{"allow":["GET"]}}],"collection":[{"href":"https:\/\/zsbarcelona.com\/en\/wp-json\/wp\/v2\/posts"}],"about":[{"href":"https:\/\/zsbarcelona.com\/en\/wp-json\/wp\/v2\/types\/post"}],"author":[{"embeddable":true,"href":"https:\/\/zsbarcelona.com\/en\/wp-json\/wp\/v2\/users\/3"}],"replies":[{"embeddable":true,"href":"https:\/\/zsbarcelona.com\/en\/wp-json\/wp\/v2\/comments?post=3821"}],"version-history":[{"count":1,"href":"https:\/\/zsbarcelona.com\/en\/wp-json\/wp\/v2\/posts\/3821\/revisions"}],"predecessor-version":[{"id":3825,"href":"https:\/\/zsbarcelona.com\/en\/wp-json\/wp\/v2\/posts\/3821\/revisions\/3825"}],"wp:featuredmedia":[{"embeddable":true,"href":"https:\/\/zsbarcelona.com\/en\/wp-json\/wp\/v2\/media\/3822"}],"wp:attachment":[{"href":"https:\/\/zsbarcelona.com\/en\/wp-json\/wp\/v2\/media?parent=3821"}],"wp:term":[{"taxonomy":"category","embeddable":true,"href":"https:\/\/zsbarcelona.com\/en\/wp-json\/wp\/v2\/categories?post=3821"},{"taxonomy":"post_tag","embeddable":true,"href":"https:\/\/zsbarcelona.com\/en\/wp-json\/wp\/v2\/tags?post=3821"}],"curies":[{"name":"wp","href":"https:\/\/api.w.org\/{rel}","templated":true}]}}